{"id":1250,"date":"2022-07-20T10:04:51","date_gmt":"2022-07-20T08:04:51","guid":{"rendered":"https:\/\/adrianavancova.eu\/?p=1250"},"modified":"2022-12-16T00:02:25","modified_gmt":"2022-12-15T23:02:25","slug":"ebook-a-newsletter-pre-knauf-insulation","status":"publish","type":"post","link":"https:\/\/adrianavancova.eu\/?p=1250","title":{"rendered":"Night of Chances CHALLENGE"},"content":{"rendered":"\n<figure class=\"wp-block-image alignfull size-large has-custom-border is-style-rounded\"><img fetchpriority=\"high\" decoding=\"async\" width=\"1024\" height=\"136\" src=\"https:\/\/adrianavancova.eu\/wp-content\/uploads\/Snimka-obrazovky-2022-07-20-103851-min-1024x136.png\" alt=\"\" class=\"wp-image-1259\" style=\"border-radius:100px\" srcset=\"https:\/\/adrianavancova.eu\/wp-content\/uploads\/Snimka-obrazovky-2022-07-20-103851-min-1024x136.png 1024w, https:\/\/adrianavancova.eu\/wp-content\/uploads\/Snimka-obrazovky-2022-07-20-103851-min-300x40.png 300w, https:\/\/adrianavancova.eu\/wp-content\/uploads\/Snimka-obrazovky-2022-07-20-103851-min-768x102.png 768w, https:\/\/adrianavancova.eu\/wp-content\/uploads\/Snimka-obrazovky-2022-07-20-103851-min-1536x203.png 1536w, https:\/\/adrianavancova.eu\/wp-content\/uploads\/Snimka-obrazovky-2022-07-20-103851-min.png 1888w\" sizes=\"(max-width: 1024px) 100vw, 1024px\" \/><\/figure>\n\n\n\n<div class=\"wp-block-group is-layout-flow wp-block-group-is-layout-flow\">\n<h2 class=\"has-text-align-left has-zeever-border-color has-text-color wp-block-heading\">Post\u00fapila som do fin\u00e1lov\u00e9ho kola v Night of Chances CHALLENGE s Knauf Insulation<\/h2>\n\n\n\n<p class=\"has-zeever-border-color has-text-color has-small-font-size\">V apr\u00edli tohto roku som sa zapojila do s\u00fa\u0165a\u017ee Night of Chances CHALLENGE so spolo\u010dnos\u0165ou Knauf Insulation, ktor\u00e1 mala preveri\u0165 moju <strong>kreativitu a schopnos\u0165 vytv\u00e1ra\u0165 modern\u00e9 a funk\u010dn\u00e9 rie\u0161enia<\/strong>. Preto\u017ee aj stavebn\u00edctvo chce by\u0165 in a inovat\u00edvne aj v digit\u00e1lnom svete.<\/p>\n\n\n\n<p><\/p>\n\n\n\n<h2 class=\"has-zeever-border-color has-text-color wp-block-heading\">Ako dosta\u0165 v\u00fdrobcov zatep\u013eovac\u00edch materi\u00e1lov bli\u017e\u0161ie k \u013eu\u010fom<\/h2>\n\n\n\n<p> <\/p>\n\n\n\n<p class=\"has-zeever-border-color has-text-color has-small-font-size\">Knauf Insulation je v\u00fdrobca stavebn\u00fdch izola\u010dn\u00fdch materi\u00e1lov s viac ako 30-ro\u010dnou hist\u00f3riou, po\u010das ktorej sa im podarilo prinies\u0165 ve\u013ea inovat\u00edvnych sp\u00f4sobov ako stava\u0165 budovy.<\/p>\n\n\n\n<p class=\"has-zeever-border-color has-text-color has-small-font-size\">Av\u0161ak stavebn\u00edctvo je odvetvie, v ktor\u00e9ho predajnom re\u0165azci sa str\u00e1ca mno\u017estvo inform\u00e1ci\u00ed, ktor\u00e9 by mohli z\u00e1kazn\u00edkovi pom\u00f4c\u0165 ako pri v\u00fdbere produktu, tak pri samotnej realiz\u00e1cii stavby.<\/p>\n\n\n\n<p class=\"has-zeever-border-color has-text-color has-small-font-size\">T\u00fdm, \u017ee sa trh aj spr\u00e1vanie z\u00e1kazn\u00edkov men\u00ed, rozhodli sa, \u017ee vyhl\u00e1sia <strong>s\u00fa\u0165a\u017e projektov a n\u00e1padov, ktor\u00e9 by mohli posun\u00fa\u0165 stavebn\u00edctvo vpred a umo\u017enili by firme dosta\u0165 sa \u010do najbli\u017e\u0161ie k \u013eu\u010fom<\/strong>.<\/p>\n\n\n\n<div class=\"wp-block-columns is-layout-flex wp-container-core-columns-is-layout-28f84493 wp-block-columns-is-layout-flex\">\n<div class=\"wp-block-column is-layout-flow wp-block-column-is-layout-flow\" style=\"flex-basis:50%\"><\/div>\n\n\n\n<div class=\"wp-block-column is-layout-flow wp-block-column-is-layout-flow\" style=\"flex-basis:50%\"><\/div>\n<\/div>\n\n\n\n<div class=\"wp-block-columns has-white-color has-text-color is-layout-flex wp-container-core-columns-is-layout-28f84493 wp-block-columns-is-layout-flex\">\n<div class=\"wp-block-column is-layout-flow wp-block-column-is-layout-flow\" style=\"flex-basis:50%\">\n<div class=\"wp-block-group has-border-color has-zeever-secondary-border-color has-zeever-border-color has-zeever-primary-background-color has-text-color has-background is-vertical is-layout-flex wp-container-core-group-is-layout-8b185caf wp-block-group-is-layout-flex\" style=\"border-style:solid;border-width:10px;border-radius:16px;padding-top:var(--wp--preset--spacing--60);padding-right:var(--wp--preset--spacing--60);padding-bottom:var(--wp--preset--spacing--60);padding-left:var(--wp--preset--spacing--60)\">\n<h2 class=\"wp-block-heading\">Cie\u013e<\/h2>\n\n\n\n<p class=\"has-small-font-size\">= uk\u00e1za\u0165 firme m\u00f4j dizajnov\u00fd proces a dok\u00e1za\u0165 pr\u00ednos UX dizajnu pre firmu aj jej z\u00e1kazn\u00edkov<\/p>\n<\/div>\n<\/div>\n\n\n\n<div class=\"wp-block-column is-layout-flow wp-block-column-is-layout-flow\" style=\"flex-basis:50%\">\n<div class=\"wp-block-group has-border-color has-zeever-secondary-border-color has-zeever-border-color has-zeever-primary-background-color has-text-color has-background is-vertical is-layout-flex wp-container-core-group-is-layout-8b185caf wp-block-group-is-layout-flex\" style=\"border-width:10px;border-radius:16px;padding-top:var(--wp--preset--spacing--60);padding-right:var(--wp--preset--spacing--60);padding-bottom:var(--wp--preset--spacing--60);padding-left:var(--wp--preset--spacing--60)\">\n<h2 class=\"wp-block-heading\">V\u00fdzva<\/h2>\n\n\n\n<p class=\"has-small-font-size\">= zamera\u0165 sa na potreby z\u00e1kazn\u00edkov a pribl\u00ed\u017ei\u0165 sa k nim nato\u013eko, aby bola firma s nimi v priamom kontakte. <\/p>\n<\/div>\n<\/div>\n<\/div>\n\n\n\n<h2 class=\"has-zeever-border-color has-text-color wp-block-heading\">Dizajnov\u00fd proces<\/h2>\n\n\n\n<p class=\"has-zeever-border-color has-text-color has-small-font-size\">Po\u010das vypracov\u00e1vania projektu som vyu\u017eila <strong>met\u00f3du dizajnov\u00e9ho myslenia<\/strong>, s ktorou som sa zozn\u00e1mila po\u010das kurzu Google UX Design.<\/p>\n\n\n\n<p class=\"has-zeever-border-color has-text-color\"> <\/p>\n\n\n\n<p><\/p>\n\n\n\n<figure class=\"wp-block-image aligncenter size-large\"><img decoding=\"async\" width=\"1024\" height=\"585\" src=\"https:\/\/adrianavancova.eu\/wp-content\/uploads\/Image-17-min-1024x585.png\" alt=\"\" class=\"wp-image-1255\" srcset=\"https:\/\/adrianavancova.eu\/wp-content\/uploads\/Image-17-min-1024x585.png 1024w, https:\/\/adrianavancova.eu\/wp-content\/uploads\/Image-17-min-300x171.png 300w, https:\/\/adrianavancova.eu\/wp-content\/uploads\/Image-17-min-768x439.png 768w, https:\/\/adrianavancova.eu\/wp-content\/uploads\/Image-17-min.png 1040w\" sizes=\"(max-width: 1024px) 100vw, 1024px\" \/><\/figure>\n\n\n\n<h2 class=\"has-zeever-border-color has-text-color wp-block-heading\">\u00davodn\u00e1 anal\u00fdza<\/h2>\n\n\n\n<p class=\"has-zeever-border-color has-text-color has-small-font-size\">V prvom rade som si d\u00f4kladne nieko\u013ekokr\u00e1t pozorne pozrela videoz\u00e1znam z rozhovoru s predstavite\u013emi firmy. Potom som urobila rozhovory s jedn\u00fdm koncov\u00fdm z\u00e1kazn\u00edkom a jedn\u00fdm majite\u013eom stavebnej firmy, aby som sa <strong>zozn\u00e1mila s problematikou \u010do najbli\u017e\u0161ie a vedela sa pozrie\u0165 na probl\u00e9my ako zo strany v\u00fdrobcov, tak aj koncov\u00fdch z\u00e1kazn\u00edkov a realiz\u00e1torov<\/strong>.<\/p>\n\n\n\n<p class=\"has-zeever-border-color has-text-color has-small-font-size\">V\u010faka prieskumu som si vedela <strong>vytvori\u0165 pers\u00f3ny a jednoduch\u00fa cestu z\u00e1kazn\u00edka<\/strong>, \u010do mi u\u013eah\u010dilo proces zadefinovania probl\u00e9mu, ktor\u00fd som chcela firme pom\u00f4c\u0165 vyrie\u0161i\u0165.<\/p>\n\n\n\n<p class=\"has-zeever-border-color has-text-color has-small-font-size\">Viem, \u017ee vzorka 2 z\u00e1kazn\u00edkov je mal\u00e1. Av\u0161ak na moje osobn\u00e9 \u00fa\u010dely mi to zatia\u013e posta\u010dovalo a z\u00edskala som mno\u017estvo hodnotn\u00fdch inform\u00e1ci\u00ed, ktor\u00fdch som sa sna\u017eila dr\u017ea\u0165 po\u010das vypracov\u00e1vania projektu. <\/p>\n\n\n\n<figure class=\"wp-block-gallery has-nested-images columns-default is-cropped wp-block-gallery-1 is-layout-flex wp-block-gallery-is-layout-flex\">\n<figure class=\"wp-block-image size-large has-custom-border\"><img decoding=\"async\" width=\"960\" height=\"540\" data-id=\"1257\" src=\"https:\/\/adrianavancova.eu\/wp-content\/uploads\/persona-realizator-min.jpg\" alt=\"persona-realizator\" class=\"wp-image-1257\" style=\"border-radius:0px\" srcset=\"https:\/\/adrianavancova.eu\/wp-content\/uploads\/persona-realizator-min.jpg 960w, https:\/\/adrianavancova.eu\/wp-content\/uploads\/persona-realizator-min-300x169.jpg 300w, https:\/\/adrianavancova.eu\/wp-content\/uploads\/persona-realizator-min-768x432.jpg 768w\" sizes=\"(max-width: 960px) 100vw, 960px\" \/><\/figure>\n\n\n\n<figure class=\"wp-block-image size-large\"><img loading=\"lazy\" decoding=\"async\" width=\"960\" height=\"540\" data-id=\"1256\" src=\"https:\/\/adrianavancova.eu\/wp-content\/uploads\/persona-individualny-investor-min.jpg\" alt=\"\" class=\"wp-image-1256\" srcset=\"https:\/\/adrianavancova.eu\/wp-content\/uploads\/persona-individualny-investor-min.jpg 960w, https:\/\/adrianavancova.eu\/wp-content\/uploads\/persona-individualny-investor-min-300x169.jpg 300w, https:\/\/adrianavancova.eu\/wp-content\/uploads\/persona-individualny-investor-min-768x432.jpg 768w\" sizes=\"(max-width: 960px) 100vw, 960px\" \/><\/figure>\n<\/figure>\n\n\n\n<h2 class=\"has-zeever-border-color has-text-color wp-block-heading\">Stanovenie probl\u00e9mu na z\u00e1klade \u00favodnej anal\u00fdzy<\/h2>\n\n\n\n<p class=\"has-zeever-border-color has-text-color has-small-font-size\">Z viacer\u00fdch probl\u00e9mov, ktor\u00e9 firma rie\u0161ila, som si vybrala <strong>nadviazanie a udr\u017eanie bli\u017e\u0161ieho vz\u0165ahu so z\u00e1kazn\u00edkmi.<\/strong> <\/p>\n\n\n\n<div style=\"height:5px\" aria-hidden=\"true\" class=\"wp-block-spacer\"><\/div>\n\n\n\n<p class=\"has-zeever-border-color has-text-color has-small-font-size\"><strong>N\u00e1zov projektu:<\/strong> Ako sa pribl\u00ed\u017ei\u0165 k z\u00e1kazn\u00edkom a prinies\u0165 nov\u00e9 sp\u00f4soby komunik\u00e1cie v digit\u00e1lnej sf\u00e9re do stavebn\u00edctva<\/p>\n\n\n\n<p class=\"has-zeever-border-color has-text-color has-small-font-size\"><strong>Probl\u00e9m:<\/strong> Skr\u00e1tenie predajn\u00e9ho re\u0165azca a pribl\u00ed\u017eenie sa ku koncov\u00fdm z\u00e1kazn\u00edkom pomocou digit\u00e1lnych technol\u00f3gi\u00ed<\/p>\n\n\n\n<p class=\"has-zeever-border-color has-text-color has-small-font-size\"><strong>Hlavn\u00fd cie\u013e:<\/strong> Ako sa dosta\u0165 bli\u017e\u0161ie k z\u00e1kazn\u00edkom zaveden\u00edm nov\u00fdch sp\u00f4sobov komunik\u00e1cie v online priestore<\/p>\n\n\n\n<div style=\"height:5px\" aria-hidden=\"true\" class=\"wp-block-spacer\"><\/div>\n\n\n\n<p class=\"has-zeever-border-color has-text-color has-small-font-size\"><strong>Okrem probl\u00e9mu firmy som si zadefinovala aj probl\u00e9my z\u00e1kazn\u00edkov:<\/strong> <\/p>\n\n\n\n<p class=\"has-text-align-center has-zeever-border-color has-text-color has-small-font-size\">1. Alexander je majite\u013e stavebnej firmy, ktor\u00fd potrebuje pom\u00f4c\u0165 so vzdel\u00e1van\u00edm svojich z\u00e1kazn\u00edkov, preto\u017ee im chce pon\u00faknu\u0165 tie najlep\u0161ie mo\u017en\u00e9 slu\u017eby a materi\u00e1ly. Na to je potrebn\u00e9, aby si uvedomil, do \u010doho sa im oplat\u00ed naozaj investova\u0165. <\/p>\n\n\n\n<p class=\"has-text-align-center has-zeever-border-color has-text-color has-small-font-size\">2. Matej je majite\u013eom star\u00e9ho domu v p\u00f4vodnom stave, ktor\u00fd ho potrebuje \u010do najefekt\u00edvnej\u0161ie prerobi\u0165, preto\u017ee sa te\u0161\u00ed na pokojn\u00fd d\u00f4chodok s rodinou v \u00fatulnom a zdravom prostred\u00ed bez \u010fal\u0161\u00edch v\u00e4\u010d\u0161\u00edch invest\u00edcii.<\/p>\n\n\n\n<ol class=\"wp-block-list\">\n<li><\/li>\n<\/ol>\n\n\n\n<h2 class=\"has-zeever-border-color has-text-color wp-block-heading\">Hlavn\u00fd v\u00fdstup<\/h2>\n\n\n\n<p class=\"has-zeever-border-color has-text-color has-small-font-size\">Realiz\u00e1tor by ocenil, ak by firma venovala viac \u00fasilia do <strong>vzdel\u00e1vania koncov\u00fdch z\u00e1kazn\u00edkov<\/strong> oh\u013eadom kvalitn\u00fdch zatep\u013eovac\u00edch materi\u00e1lov a ich v\u00fdhod, ktor\u00e9 z nich koncov\u00ed z\u00e1kazn\u00edci maj\u00fa.<\/p>\n\n\n\n<p class=\"has-zeever-border-color has-text-color has-small-font-size\">V\u010faka tomuto v\u00fdstupu a zadefinovan\u00fdm probl\u00e9mom som si ur\u010dila ako <strong>cie\u013eov\u00fa skupinu produktu majite\u013eov star\u00fdch rodinn\u00fdch domov, ktor\u00fdch \u010dak\u00e1 rekon\u0161trukcia.<\/strong><\/p>\n\n\n\n<h2 class=\"has-zeever-border-color has-text-color wp-block-heading\">N\u00e1vrh rie\u0161enia<\/h2>\n\n\n\n<p class=\"has-zeever-border-color has-text-color has-small-font-size\">Koncov\u00fd z\u00e1kazn\u00edk by mal ma\u0165 mo\u017enos\u0165 <strong>nadviaza\u0165 prv\u00fd kontakt priamo s Knauf Insulation, ktor\u00fd s n\u00edm vytvor\u00ed dlhodob\u00fd vz\u0165ah<\/strong> \u2013 bude s n\u00edm v kontakte pred, po\u010das aj po zrealizovan\u00ed n\u00e1kupu a bude sa zauj\u00edma\u0165 o jeho probl\u00e9my a potreby, ktor\u00e9 sa bude sna\u017ei\u0165 vyrie\u0161i\u0165 a naplni\u0165.<\/p>\n\n\n\n<p class=\"has-zeever-border-color has-text-color has-small-font-size\">Najlep\u0161\u00ed sp\u00f4sob, ako sa pribl\u00ed\u017ei\u0165 z\u00e1kazn\u00edkom, je zameranie sa na <strong>UX dizajn<\/strong> a vyu\u017e\u00edva\u0165 pritom <strong>met\u00f3du dizajnov\u00e9ho myslenia<\/strong>.<\/p>\n\n\n\n<p><\/p>\n\n\n\n<figure class=\"wp-block-image aligncenter size-large\"><img loading=\"lazy\" decoding=\"async\" width=\"1024\" height=\"298\" src=\"https:\/\/adrianavancova.eu\/wp-content\/uploads\/Kontakt-min-1024x298.png\" alt=\"\" class=\"wp-image-1264\" srcset=\"https:\/\/adrianavancova.eu\/wp-content\/uploads\/Kontakt-min-1024x298.png 1024w, https:\/\/adrianavancova.eu\/wp-content\/uploads\/Kontakt-min-300x87.png 300w, https:\/\/adrianavancova.eu\/wp-content\/uploads\/Kontakt-min-768x224.png 768w, https:\/\/adrianavancova.eu\/wp-content\/uploads\/Kontakt-min.png 1146w\" sizes=\"(max-width: 1024px) 100vw, 1024px\" \/><\/figure>\n<\/div>\n\n\n\n<p class=\"has-zeever-border-color has-text-color has-small-font-size\">Ke\u010f\u017ee firma je s digit\u00e1lnymi inov\u00e1ciami e\u0161te len na za\u010diatku svojej cesty, mo\u017en\u00fdch rie\u0161en\u00ed ich probl\u00e9mu bolo viac ne\u017e dos\u0165. <\/p>\n\n\n\n<p class=\"has-zeever-border-color has-text-color has-small-font-size\">Spravila som si prieskum konkuren\u010dn\u00fdch webov\u00fdch str\u00e1nok a nakoniec som dospela k z\u00e1veru, \u017ee <strong>ebook a newsletter<\/strong> by boli na za\u010diatok menej finan\u010dne aj \u010dasovo n\u00e1ro\u010dn\u00e9 na realiz\u00e1ciu, av\u0161ak pre firmu aj z\u00e1kazn\u00edkov by mali ve\u013ek\u00fd pr\u00ednos. <\/p>\n\n\n\n<p class=\"has-zeever-border-color has-text-color has-small-font-size\">Skombinovanie content a email marketingu s princ\u00edpmi UX dizajnu by umo\u017enilo firme \u013eahko nadviaza\u0165 a udr\u017eiava\u0165 dlhodob\u00fd vz\u0165ah so z\u00e1kazn\u00edkom v online priestore. <\/p>\n\n\n\n<p class=\"has-zeever-border-color has-text-color has-small-font-size\">Ak by sa s\u00fa\u010dasne zamerali aj na p\u00edsanie magaz\u00ednu a po obsahovej str\u00e1nke by sa s\u00fastredili na prer\u00e1banie cel\u00e9ho domu a nedr\u017eali by sa striktne len t\u00e9my zatep\u013eovania, oslovili by vopred aj svojich bud\u00facich z\u00e1kazn\u00edkov, ktor\u00fdch zatep\u013eovanie \u010dak\u00e1, no e\u0161te sa na\u0148 nechystaj\u00fa. <\/p>\n\n\n\n<p class=\"has-zeever-border-color has-text-color has-small-font-size\">Ak by sa firme podarilo sta\u0165 sa <strong>informa\u010dn\u00fdm l\u00eddrom<\/strong> <strong>v oblasti rekon\u0161trukci\u00ed star\u00fdch domov<\/strong>, zv\u00fd\u0161ili by svoju kredibilitu u \u0161ir\u0161ieho spektra pou\u017e\u00edvate\u013eov, ktor\u00ed by ich zna\u010dku radi odpor\u00fa\u010dali vo svojom okol\u00ed.<\/p>\n\n\n\n<figure class=\"wp-block-image alignfull size-large\"><img loading=\"lazy\" decoding=\"async\" width=\"1024\" height=\"684\" src=\"https:\/\/adrianavancova.eu\/wp-content\/uploads\/diagram-min-1024x684.jpg\" alt=\"\" class=\"wp-image-1274\" srcset=\"https:\/\/adrianavancova.eu\/wp-content\/uploads\/diagram-min-1024x684.jpg 1024w, https:\/\/adrianavancova.eu\/wp-content\/uploads\/diagram-min-300x200.jpg 300w, https:\/\/adrianavancova.eu\/wp-content\/uploads\/diagram-min-768x513.jpg 768w, https:\/\/adrianavancova.eu\/wp-content\/uploads\/diagram-min.jpg 1494w\" sizes=\"(max-width: 1024px) 100vw, 1024px\" \/><figcaption class=\"wp-element-caption\">Moja predstava ide\u00e1lneho vz\u0165ahu so z\u00e1kazn\u00edkom<\/figcaption><\/figure>\n\n\n\n<h2 class=\"has-zeever-border-color has-text-color wp-block-heading\">Prv\u00fd n\u00e1vrh prototypu<\/h2>\n\n\n\n<p class=\"has-zeever-border-color has-text-color has-small-font-size\"> Existuj\u00facu str\u00e1nku firmy homebyknauf.sk som si prekreslila v Adobe XD a do menu som pridala mo\u017enos\u0165 ebooku. Tie\u017e som na\u010drtla, ako by sa n\u00e1v\u0161tevn\u00edk str\u00e1nky k e-booku dostal.<\/p>\n\n\n\n<p class=\"has-zeever-border-color has-text-color has-small-font-size\">Zadan\u00edm e-mailovej adresy a za\u0161krtnut\u00edm mo\u017enosti odobera\u0165 newsletter z\u00e1kazn\u00edkom by firma mala mo\u017enos\u0165 vytvori\u0165 si e-mailov\u00fa datab\u00e1zu z\u00e1kazn\u00edkov a vedela by ich tak pravidelne oslovova\u0165 hodnotn\u00fdm obsahom, ktor\u00fd by im pon\u00fakala &#8211; mohla by ich <strong>vzdel\u00e1va\u0165 relevantn\u00fdmi inform\u00e1ciami<\/strong> napr\u00edklad vo forme \u010dl\u00e1nkov na svojej str\u00e1nke. <\/p>\n\n\n\n<p class=\"has-zeever-border-color has-text-color has-small-font-size\">To by prispelo aj k vy\u0161\u0161iemu umiestneniu v organickom vyh\u013ead\u00e1van\u00ed vo vyh\u013ead\u00e1va\u010doch a takisto by t\u00fdm podporili \u013eud\u00ed, aby sa k nim na str\u00e1nku opakovane vracali &#8211; vytvorili by si z\u00e1klad\u0148u loj\u00e1lnych pou\u017e\u00edvate\u013eov, ktor\u00ed by ich zna\u010dku s rados\u0165ou odpor\u00fa\u010dali zn\u00e1mym ako d\u00f4veryhodn\u00e9ho v\u00fdrobcu zatep\u013eovac\u00edch materi\u00e1lov.<\/p>\n\n\n\n<p class=\"has-zeever-border-color has-text-color has-small-font-size\">Meno pou\u017e\u00edvate\u013eov by posl\u00fa\u017eilo k tvorbe personalizovan\u00e9ho newslettera.<\/p>\n\n\n\n<figure class=\"wp-block-image aligncenter size-large\"><img loading=\"lazy\" decoding=\"async\" width=\"1024\" height=\"642\" src=\"https:\/\/adrianavancova.eu\/wp-content\/uploads\/Snimka-obrazovky-2022-07-20-120327-1024x642.png\" alt=\"\" class=\"wp-image-1271\" srcset=\"https:\/\/adrianavancova.eu\/wp-content\/uploads\/Snimka-obrazovky-2022-07-20-120327-1024x642.png 1024w, https:\/\/adrianavancova.eu\/wp-content\/uploads\/Snimka-obrazovky-2022-07-20-120327-300x188.png 300w, https:\/\/adrianavancova.eu\/wp-content\/uploads\/Snimka-obrazovky-2022-07-20-120327-768x482.png 768w, https:\/\/adrianavancova.eu\/wp-content\/uploads\/Snimka-obrazovky-2022-07-20-120327.png 1142w\" sizes=\"(max-width: 1024px) 100vw, 1024px\" \/><\/figure>\n\n\n\n<figure class=\"wp-block-gallery has-nested-images columns-default is-cropped wp-block-gallery-2 is-layout-flex wp-block-gallery-is-layout-flex\">\n<figure class=\"wp-block-image size-large\"><img loading=\"lazy\" decoding=\"async\" width=\"1024\" height=\"948\" data-id=\"1272\" src=\"https:\/\/adrianavancova.eu\/wp-content\/uploads\/E-book-min-1024x948.png\" alt=\"\" class=\"wp-image-1272\" srcset=\"https:\/\/adrianavancova.eu\/wp-content\/uploads\/E-book-min-1024x948.png 1024w, https:\/\/adrianavancova.eu\/wp-content\/uploads\/E-book-min-300x278.png 300w, https:\/\/adrianavancova.eu\/wp-content\/uploads\/E-book-min-768x711.png 768w, https:\/\/adrianavancova.eu\/wp-content\/uploads\/E-book-min-1536x1422.png 1536w, https:\/\/adrianavancova.eu\/wp-content\/uploads\/E-book-min.png 1920w\" sizes=\"(max-width: 1024px) 100vw, 1024px\" \/><\/figure>\n\n\n\n<figure class=\"wp-block-image size-large\"><img loading=\"lazy\" decoding=\"async\" width=\"1024\" height=\"948\" data-id=\"1273\" src=\"https:\/\/adrianavancova.eu\/wp-content\/uploads\/Dakujeme-min-1024x948.png\" alt=\"\" class=\"wp-image-1273\" srcset=\"https:\/\/adrianavancova.eu\/wp-content\/uploads\/Dakujeme-min-1024x948.png 1024w, https:\/\/adrianavancova.eu\/wp-content\/uploads\/Dakujeme-min-300x278.png 300w, https:\/\/adrianavancova.eu\/wp-content\/uploads\/Dakujeme-min-768x711.png 768w, https:\/\/adrianavancova.eu\/wp-content\/uploads\/Dakujeme-min-1536x1422.png 1536w, https:\/\/adrianavancova.eu\/wp-content\/uploads\/Dakujeme-min.png 1920w\" sizes=\"(max-width: 1024px) 100vw, 1024px\" \/><\/figure>\n<\/figure>\n\n\n\n<div style=\"height:5px\" aria-hidden=\"true\" class=\"wp-block-spacer\"><\/div>\n\n\n\n<div class=\"wp-block-buttons is-content-justification-center is-layout-flex wp-container-core-buttons-is-layout-a89b3969 wp-block-buttons-is-layout-flex\">\n<div class=\"wp-block-button is-style-custombuttonborder3 zeever-animate zeever-move-right zeever-delay-1\"><a class=\"wp-block-button__link has-zeever-border-color has-text-color wp-element-button\" href=\"https:\/\/xd.adobe.com\/view\/3c0980cf-6039-433f-8c63-e385b0a9272f-695a\/?fullscreen\" style=\"border-radius:100px;padding-top:var(--wp--preset--spacing--30);padding-right:var(--wp--preset--spacing--60);padding-bottom:var(--wp--preset--spacing--30);padding-left:var(--wp--preset--spacing--60)\" target=\"_blank\" rel=\"noreferrer noopener\">pozrite si n\u00e1vrh prototypu<\/a><\/div>\n<\/div>\n\n\n\n<h2 class=\"has-zeever-border-color has-text-color wp-block-heading\">Testovanie<\/h2>\n\n\n\n<p class=\"has-zeever-border-color has-text-color has-small-font-size\">Testovanie prebiehalo u m\u0148a doma. Respondentov som si vyberala pod\u013ea toho, \u010di mali <strong>sk\u00fasenosti s prer\u00e1ban\u00edm svojho b\u00fdvania<\/strong>. Preto\u017ee okrem toho, \u017ee som testovala s nimi pou\u017eite\u013enos\u0165 n\u00e1vrhu, tie\u017e som s nimi robila interview oh\u013eadom t\u00e9m, ktor\u00e9 ich najviac zauj\u00edmaj\u00fa a ak\u00fdm probl\u00e9mom po\u010das rekon\u0161trukcie \u010delia, ak\u00e9 s\u00fa ich potreby a priania. <\/p>\n\n\n\n<p class=\"has-zeever-border-color has-text-color has-small-font-size\">Uprednostnila som <strong>kvalitat\u00edvny v\u00fdskum<\/strong> pred kvantitat\u00edvnym, aby som mala mo\u017enos\u0165 dosta\u0165 sa ku kore\u0148u probl\u00e9mov.<\/p>\n\n\n\n<p><\/p>\n\n\n\n<p class=\"has-zeever-border-color has-text-color has-small-font-size\">Moja UX v\u00fdskumn\u00e1 \u0161t\u00fadia pred testovan\u00edm:<\/p>\n\n\n\n<div class=\"wp-block-group is-layout-flow wp-block-group-is-layout-flow\"><a href=\"https:\/\/adrianavancova.eu\/wp-content\/uploads\/Vyskumna-studia.pdf\" class=\"pdfemb-viewer\" style=\"\" data-width=\"max\" data-height=\"max\" data-toolbar=\"bottom\" data-toolbar-fixed=\"off\">Vyskumna-studia<\/a>\n<p class=\"wp-block-pdfemb-pdf-embedder-viewer\"><\/p>\n<\/div>\n\n\n\n<h2 class=\"has-zeever-border-color has-text-color wp-block-heading\">Ak\u00e9 chyby som pri testovan\u00ed spravila a ako sa im v bud\u00facnosti vyhn\u00fa\u0165<\/h2>\n\n\n\n<p class=\"has-zeever-border-color has-text-color has-small-font-size\">Prv\u00fdkr\u00e1t som robila moderovan\u00e9 testovanie a zistila som, \u017ee je ve\u013emi \u0165a\u017ek\u00e9 <strong>nepods\u00fava\u0165 respondentom vlastn\u00e9 o\u010dak\u00e1vania pri formulovan\u00ed ot\u00e1zok<\/strong>.<\/p>\n\n\n\n<p class=\"has-zeever-border-color has-text-color has-small-font-size\">Preto\u017ee ma testovanie s u\u017e\u00edvate\u013emi bav\u00ed, chcem ho robi\u0165 \u010do najlep\u0161ie. Preto v bud\u00facnosti nepodcen\u00edm pr\u00edpravu vopred stanoven\u00fdch ot\u00e1zok, ktor\u00fdch sa budem dr\u017ea\u0165. Tie\u017e si nap\u00ed\u0161em vlastn\u00e9 o\u010dak\u00e1vania z testovania, aby som sa vedela vyhn\u00fa\u0165 nespr\u00e1vnemu sformulovaniu ot\u00e1zok.<\/p>\n\n\n\n<h2 class=\"has-zeever-border-color has-text-color wp-block-heading\">Hlavn\u00e9 v\u00fdstupy z testovania prototypu <\/h2>\n\n\n\n<p class=\"has-zeever-border-color has-text-color has-small-font-size\">Testovanie mi poskytlo ve\u013ek\u00e9 mno\u017estvo zisten\u00ed, ktor\u00e9 som si rozdelila pod\u013ea priority do 3 skup\u00edn: <\/p>\n\n\n\n<ul class=\"has-zeever-border-color has-text-color has-small-font-size wp-block-list\">\n<li><strong>zmeny v n\u00e1vrhu dizajnu<\/strong>\n<ul class=\"wp-block-list\">\n<li>umiestnenie e-booku a newslettera do podmenu u\u017eito\u010dn\u00fdch tipov<\/li>\n\n\n\n<li>t\u00e9ma e-booku<\/li>\n\n\n\n<li>premenovanie newslettera na &#8222;Odber najnov\u0161\u00edch r\u00e1d a tipov&#8220;<\/li>\n\n\n\n<li>autor e-booku by mal by\u0165 sk\u00fasen\u00fd odborn\u00edk, ktor\u00fd sa zatep\u013eovaniu venuje u\u017e dlh\u00fa dobu<\/li>\n\n\n\n<li>zmena v tla\u010didl\u00e1ch na \u010fakovacej str\u00e1nke<\/li>\n\n\n\n<li>nov\u00e1 pers\u00f3na a z\u00e1kazn\u00edcka cesta<\/li>\n<\/ul>\n<\/li>\n\n\n\n<li><strong>veci, ktor\u00e9 bude vhodn\u00e9 zv\u00e1\u017ei\u0165 v pr\u00edpade realiz\u00e1cie projektu<\/strong>\n<ul class=\"wp-block-list\">\n<li>z\u00e1ujem z\u00e1kazn\u00edkov o dan\u00fd typ produktu &#8211; validova\u0165 m\u00f4j kvalitat\u00edvny v\u00fdskum kvantitat\u00edvnym<\/li>\n\n\n\n<li>zamera\u0165 sa na responz\u00edvnos\u0165 str\u00e1nky, preto\u017ee 3\/4 respondentov pou\u017e\u00edvaj\u00fa predov\u0161etk\u00fdm telef\u00f3n<\/li>\n<\/ul>\n<\/li>\n\n\n\n<li><strong>mo\u017enosti firmy v bud\u00facnosti<\/strong>\n<ul class=\"wp-block-list\">\n<li>vide\u00e1 a podcast o stavebn\u00edctve<\/li>\n\n\n\n<li>e-shop<\/li>\n\n\n\n<li>webov\u00e1 str\u00e1nka s aplik\u00e1ciou na porovnanie zatep\u013eovac\u00edch materi\u00e1lov na slovenskom trhu (mo\u017eno stavebn\u00fdch materi\u00e1lov v\u0161eobecne)<\/li>\n<\/ul>\n<\/li>\n<\/ul>\n\n\n\n<div style=\"height:10px\" aria-hidden=\"true\" class=\"wp-block-spacer\"><\/div>\n\n\n\n<h2 class=\"has-zeever-border-color has-text-color wp-block-heading\">Implementovan\u00e9 zmeny v dizajne<\/h2>\n\n\n\n<h3 class=\"has-zeever-border-color has-text-color wp-block-heading\">Umiestnenie e-booku a newslettera<\/h3>\n\n\n\n<figure class=\"wp-block-image alignwide size-large\"><img loading=\"lazy\" decoding=\"async\" width=\"1024\" height=\"576\" src=\"https:\/\/adrianavancova.eu\/wp-content\/uploads\/Web-1920-\u2013-2-min-1024x576.png\" alt=\"\" class=\"wp-image-1500\" srcset=\"https:\/\/adrianavancova.eu\/wp-content\/uploads\/Web-1920-\u2013-2-min-1024x576.png 1024w, https:\/\/adrianavancova.eu\/wp-content\/uploads\/Web-1920-\u2013-2-min-300x169.png 300w, https:\/\/adrianavancova.eu\/wp-content\/uploads\/Web-1920-\u2013-2-min-768x432.png 768w, https:\/\/adrianavancova.eu\/wp-content\/uploads\/Web-1920-\u2013-2-min-1536x864.png 1536w, https:\/\/adrianavancova.eu\/wp-content\/uploads\/Web-1920-\u2013-2-min.png 1920w\" sizes=\"(max-width: 1024px) 100vw, 1024px\" \/><\/figure>\n\n\n\n<div style=\"height:10px\" aria-hidden=\"true\" class=\"wp-block-spacer\"><\/div>\n\n\n\n<h3 class=\"has-zeever-border-color has-text-color wp-block-heading\">T\u00e9ma e-booku a premenovanie newslettera<\/h3>\n\n\n\n<figure class=\"wp-block-image alignwide size-large\"><img loading=\"lazy\" decoding=\"async\" width=\"1024\" height=\"576\" src=\"https:\/\/adrianavancova.eu\/wp-content\/uploads\/Web-1920-\u2013-2-min-1-1024x576.png\" alt=\"\" class=\"wp-image-1511\" srcset=\"https:\/\/adrianavancova.eu\/wp-content\/uploads\/Web-1920-\u2013-2-min-1-1024x576.png 1024w, https:\/\/adrianavancova.eu\/wp-content\/uploads\/Web-1920-\u2013-2-min-1-300x169.png 300w, https:\/\/adrianavancova.eu\/wp-content\/uploads\/Web-1920-\u2013-2-min-1-768x432.png 768w, https:\/\/adrianavancova.eu\/wp-content\/uploads\/Web-1920-\u2013-2-min-1-1536x864.png 1536w, https:\/\/adrianavancova.eu\/wp-content\/uploads\/Web-1920-\u2013-2-min-1.png 1920w\" sizes=\"(max-width: 1024px) 100vw, 1024px\" \/><\/figure>\n\n\n\n<div style=\"height:10px\" aria-hidden=\"true\" class=\"wp-block-spacer\"><\/div>\n\n\n\n<h3 class=\"has-zeever-border-color has-text-color wp-block-heading\">Zachovanie konzistentnosti firemnej webstr\u00e1nky<\/h3>\n\n\n\n<figure class=\"wp-block-image alignwide size-large\"><img loading=\"lazy\" decoding=\"async\" width=\"1024\" height=\"653\" src=\"https:\/\/adrianavancova.eu\/wp-content\/uploads\/Web-1920-\u2013-3-min-1-1024x653.png\" alt=\"\" class=\"wp-image-1514\" srcset=\"https:\/\/adrianavancova.eu\/wp-content\/uploads\/Web-1920-\u2013-3-min-1-1024x653.png 1024w, https:\/\/adrianavancova.eu\/wp-content\/uploads\/Web-1920-\u2013-3-min-1-300x191.png 300w, https:\/\/adrianavancova.eu\/wp-content\/uploads\/Web-1920-\u2013-3-min-1-768x490.png 768w, https:\/\/adrianavancova.eu\/wp-content\/uploads\/Web-1920-\u2013-3-min-1-1536x979.png 1536w, https:\/\/adrianavancova.eu\/wp-content\/uploads\/Web-1920-\u2013-3-min-1.png 1920w\" sizes=\"(max-width: 1024px) 100vw, 1024px\" \/><\/figure>\n\n\n\n<div style=\"height:10px\" aria-hidden=\"true\" class=\"wp-block-spacer\"><\/div>\n\n\n\n<h3 class=\"has-zeever-border-color has-text-color wp-block-heading\">\u00daprava CTA tla\u010didiel<\/h3>\n\n\n\n<figure class=\"wp-block-image alignwide size-large\"><img loading=\"lazy\" decoding=\"async\" width=\"1024\" height=\"743\" src=\"https:\/\/adrianavancova.eu\/wp-content\/uploads\/Web-1920-\u2013-4-min-1024x743.png\" alt=\"\" class=\"wp-image-1516\" srcset=\"https:\/\/adrianavancova.eu\/wp-content\/uploads\/Web-1920-\u2013-4-min-1024x743.png 1024w, https:\/\/adrianavancova.eu\/wp-content\/uploads\/Web-1920-\u2013-4-min-300x218.png 300w, https:\/\/adrianavancova.eu\/wp-content\/uploads\/Web-1920-\u2013-4-min-768x558.png 768w, https:\/\/adrianavancova.eu\/wp-content\/uploads\/Web-1920-\u2013-4-min-1536x1115.png 1536w, https:\/\/adrianavancova.eu\/wp-content\/uploads\/Web-1920-\u2013-4-min.png 1920w\" sizes=\"(max-width: 1024px) 100vw, 1024px\" \/><\/figure>\n\n\n\n<div style=\"height:50px\" aria-hidden=\"true\" class=\"wp-block-spacer\"><\/div>\n\n\n\n<h2 class=\"has-zeever-border-color has-text-color wp-block-heading\">Pridanie \u010fal\u0161ej pers\u00f3ny na z\u00e1klade rozhovorov z testovania<\/h2>\n\n\n\n<figure class=\"wp-block-image aligncenter size-full\"><img loading=\"lazy\" decoding=\"async\" width=\"960\" height=\"540\" src=\"https:\/\/adrianavancova.eu\/wp-content\/uploads\/persona-potestovani-min.jpg\" alt=\"\" class=\"wp-image-1521\" srcset=\"https:\/\/adrianavancova.eu\/wp-content\/uploads\/persona-potestovani-min.jpg 960w, https:\/\/adrianavancova.eu\/wp-content\/uploads\/persona-potestovani-min-300x169.jpg 300w, https:\/\/adrianavancova.eu\/wp-content\/uploads\/persona-potestovani-min-768x432.jpg 768w\" sizes=\"(max-width: 960px) 100vw, 960px\" \/><\/figure>\n\n\n\n<div style=\"height:50px\" aria-hidden=\"true\" class=\"wp-block-spacer\"><\/div>\n\n\n\n<h2 class=\"has-zeever-border-color has-text-color wp-block-heading\">Upraven\u00e1 cesta z\u00e1kazn\u00edka<\/h2>\n\n\n\n<figure class=\"wp-block-image alignwide size-large\"><img loading=\"lazy\" decoding=\"async\" width=\"1024\" height=\"576\" src=\"https:\/\/adrianavancova.eu\/wp-content\/uploads\/Customer-journey-min-1024x576.png\" alt=\"\" class=\"wp-image-1522\" srcset=\"https:\/\/adrianavancova.eu\/wp-content\/uploads\/Customer-journey-min-1024x576.png 1024w, https:\/\/adrianavancova.eu\/wp-content\/uploads\/Customer-journey-min-300x169.png 300w, https:\/\/adrianavancova.eu\/wp-content\/uploads\/Customer-journey-min-768x432.png 768w, https:\/\/adrianavancova.eu\/wp-content\/uploads\/Customer-journey-min-1536x864.png 1536w, https:\/\/adrianavancova.eu\/wp-content\/uploads\/Customer-journey-min.png 1920w\" sizes=\"(max-width: 1024px) 100vw, 1024px\" \/><\/figure>\n\n\n\n<div style=\"height:10px\" aria-hidden=\"true\" class=\"wp-block-spacer\"><\/div>\n\n\n\n<div class=\"wp-block-buttons is-content-justification-center is-layout-flex wp-container-core-buttons-is-layout-a89b3969 wp-block-buttons-is-layout-flex\">\n<div class=\"wp-block-button is-style-custombuttonborder3 zeever-animate zeever-move-right zeever-delay-1\"><a class=\"wp-block-button__link has-zeever-border-color has-text-color wp-element-button\" href=\"https:\/\/xd.adobe.com\/view\/3e768f28-9ff1-489c-bded-bce1b8aee93c-6b25\/?fullscreen\" style=\"border-radius:100px;padding-top:var(--wp--preset--spacing--30);padding-right:var(--wp--preset--spacing--60);padding-bottom:var(--wp--preset--spacing--30);padding-left:var(--wp--preset--spacing--60)\" target=\"_blank\" rel=\"noreferrer noopener\">pozrite si upraven\u00fd prototyp<\/a><\/div>\n<\/div>\n\n\n\n<div style=\"height:10px\" aria-hidden=\"true\" class=\"wp-block-spacer\"><\/div>\n\n\n\n<figure class=\"wp-block-image aligncenter size-large\"><img loading=\"lazy\" decoding=\"async\" width=\"1024\" height=\"526\" src=\"https:\/\/adrianavancova.eu\/wp-content\/uploads\/Knauf-\u2013-1-1-1024x526.jpg\" alt=\"\" class=\"wp-image-1283\" srcset=\"https:\/\/adrianavancova.eu\/wp-content\/uploads\/Knauf-\u2013-1-1-1024x526.jpg 1024w, https:\/\/adrianavancova.eu\/wp-content\/uploads\/Knauf-\u2013-1-1-300x154.jpg 300w, https:\/\/adrianavancova.eu\/wp-content\/uploads\/Knauf-\u2013-1-1-768x395.jpg 768w, https:\/\/adrianavancova.eu\/wp-content\/uploads\/Knauf-\u2013-1-1-1536x789.jpg 1536w, https:\/\/adrianavancova.eu\/wp-content\/uploads\/Knauf-\u2013-1-1.jpg 2022w\" sizes=\"(max-width: 1024px) 100vw, 1024px\" \/><\/figure>\n\n\n\n<p><\/p>\n\n\n\n<h2 class=\"has-zeever-border-color has-text-color wp-block-heading\">Z\u00e1ver<\/h2>\n\n\n\n<p class=\"has-zeever-border-color has-text-color has-small-font-size\">Na konci j\u00fana som bola projekt <strong>prezentova\u0165 pred z\u00e1stupcami Knauf Insulation<\/strong>. Prezent\u00e1cia sa vysielala aj online, aby sa jej mohlo z\u00fa\u010dastni\u0165 vy\u0161e 30 \u010fal\u0161\u00edch zamestnancov.<\/p>\n\n\n\n<figure class=\"wp-block-image aligncenter size-large\"><img loading=\"lazy\" decoding=\"async\" width=\"1024\" height=\"768\" src=\"https:\/\/adrianavancova.eu\/wp-content\/uploads\/IMG_2221-1024x768.jpg\" alt=\"\" class=\"wp-image-1754\" srcset=\"https:\/\/adrianavancova.eu\/wp-content\/uploads\/IMG_2221-1024x768.jpg 1024w, https:\/\/adrianavancova.eu\/wp-content\/uploads\/IMG_2221-300x225.jpg 300w, https:\/\/adrianavancova.eu\/wp-content\/uploads\/IMG_2221-768x576.jpg 768w, https:\/\/adrianavancova.eu\/wp-content\/uploads\/IMG_2221.jpg 1280w\" sizes=\"(max-width: 1024px) 100vw, 1024px\" \/><\/figure>\n\n\n\n<p class=\"has-zeever-border-color has-text-color has-small-font-size\"><strong>Bohu\u017eia\u013e si firma pre \u010fal\u0161iu spolupr\u00e1cu vybrala in\u00fd projekt<\/strong>, ktor\u00fd im viac zapadal do ich biznis pl\u00e1nu. <\/p>\n\n\n\n<p class=\"has-zeever-border-color has-text-color has-small-font-size\">Bola to pre m\u0148a skvel\u00e1 pr\u00edle\u017eitos\u0165 dok\u00e1za\u0165, \u017ee som sa v kurze UX design toho nau\u010dila skuto\u010dne ve\u013ea a mysl\u00edm, \u017ee m\u00e1m dobr\u00fd z\u00e1klad, na ktorom m\u00f4\u017eem \u010falej stava\u0165. Okrem toho som zistila, \u017ee som si vybrala <strong>spr\u00e1vny nov\u00fd smer svojej kari\u00e9ry<\/strong>. Ve\u013emi ma to bavilo.<\/p>\n\n\n\n<div style=\"height:50px\" aria-hidden=\"true\" class=\"wp-block-spacer\"><\/div>\n","protected":false},"excerpt":{"rendered":"<p>Post\u00fapila som do fin\u00e1lov\u00e9ho kola v Night of Chances CHALLENGE s Knauf Insulation V apr\u00edli tohto roku som sa zapojila do s\u00fa\u0165a\u017ee Night of Chances CHALLENGE so spolo\u010dnos\u0165ou Knauf Insulation, ktor\u00e1 mala preveri\u0165 moju kreativitu a schopnos\u0165 vytv\u00e1ra\u0165 modern\u00e9 a funk\u010dn\u00e9 rie\u0161enia. Preto\u017ee aj stavebn\u00edctvo chce by\u0165 in a inovat\u00edvne aj v digit\u00e1lnom svete. Ako dosta\u0165 v\u00fdrobcov zatep\u013eovac\u00edch materi\u00e1lov bli\u017e\u0161ie k \u013eu\u010fom Knauf Insulation je v\u00fdrobca stavebn\u00fdch izola\u010dn\u00fdch materi\u00e1lov s viac ako 30-ro\u010dnou hist\u00f3riou, po\u010das ktorej sa im podarilo prinies\u0165 ve\u013ea inovat\u00edvnych sp\u00f4sobov ako stava\u0165 budovy. Av\u0161ak stavebn\u00edctvo je odvetvie, v ktor\u00e9ho predajnom re\u0165azci sa str\u00e1ca mno\u017estvo inform\u00e1ci\u00ed, ktor\u00e9 by<\/p>\n","protected":false},"author":1,"featured_media":0,"comment_status":"closed","ping_status":"open","sticky":true,"template":"elementor_theme","format":"standard","meta":{"footnotes":""},"categories":[14],"tags":[],"class_list":["post-1250","post","type-post","status-publish","format-standard","hentry","category-projekty"],"_links":{"self":[{"href":"https:\/\/adrianavancova.eu\/index.php?rest_route=\/wp\/v2\/posts\/1250","targetHints":{"allow":["GET"]}}],"collection":[{"href":"https:\/\/adrianavancova.eu\/index.php?rest_route=\/wp\/v2\/posts"}],"about":[{"href":"https:\/\/adrianavancova.eu\/index.php?rest_route=\/wp\/v2\/types\/post"}],"author":[{"embeddable":true,"href":"https:\/\/adrianavancova.eu\/index.php?rest_route=\/wp\/v2\/users\/1"}],"replies":[{"embeddable":true,"href":"https:\/\/adrianavancova.eu\/index.php?rest_route=%2Fwp%2Fv2%2Fcomments&post=1250"}],"version-history":[{"count":84,"href":"https:\/\/adrianavancova.eu\/index.php?rest_route=\/wp\/v2\/posts\/1250\/revisions"}],"predecessor-version":[{"id":1758,"href":"https:\/\/adrianavancova.eu\/index.php?rest_route=\/wp\/v2\/posts\/1250\/revisions\/1758"}],"wp:attachment":[{"href":"https:\/\/adrianavancova.eu\/index.php?rest_route=%2Fwp%2Fv2%2Fmedia&parent=1250"}],"wp:term":[{"taxonomy":"category","embeddable":true,"href":"https:\/\/adrianavancova.eu\/index.php?rest_route=%2Fwp%2Fv2%2Fcategories&post=1250"},{"taxonomy":"post_tag","embeddable":true,"href":"https:\/\/adrianavancova.eu\/index.php?rest_route=%2Fwp%2Fv2%2Ftags&post=1250"}],"curies":[{"name":"wp","href":"https:\/\/api.w.org\/{rel}","templated":true}]}}